{"id":95,"date":"2024-01-05T16:48:17","date_gmt":"2024-01-05T15:48:17","guid":{"rendered":"https:\/\/www.moxxacaffe.net\/blog\/?p=95"},"modified":"2024-01-06T10:23:56","modified_gmt":"2024-01-06T09:23:56","slug":"tv-besuch-auf-la-gomera","status":"publish","type":"post","link":"https:\/\/www.moxxacaffe.net\/blog\/2024\/01\/05\/tv-besuch-auf-la-gomera\/","title":{"rendered":"TV Besuch auf La Gomera"},"content":{"rendered":"\n<p class=\"has-text-align-center has-medium-font-size\">Eine Reise durch unsere <strong><span style=\"color:#004225\" class=\"has-inline-color\">Kaffeeplantage in Playa Santiago \/ Pastrana<\/span><\/strong> mit &#8218;Aqui la tierra&#8216;<\/p>\n\n\n\n<p class=\"has-text-align-left has-medium-font-size\">In der bei Spaniern beliebten Sendung &#8218;Aqui la tierra&#8216; [Dt.: Hier ist die Erde] des renommierten spanischen Senders RTVE begleitet das TV-Team Moderator Jos\u00e9 Manuel Sanchez, auch bekannt als Hortelano, auf seiner entz\u00fcckenden Reise zu den Kaffeeplantagen von <span style=\"color:#004225\" class=\"has-inline-color\">moxxa.caff\u00e8 | Linea La Gomera<\/span>. Diese aufregende Episode gew\u00e4hrte einen exklusiven Einblick in die Entwicklung des Projekts auf La Gomera und zeigt die inzwischen beeindruckende Ernte.<\/p>\n\n\n\n<p class=\"has-medium-font-size\">Sanchez taucht tief in die Welt des Kaffees ein, w\u00e4hrend er Milvia \u00c1lvarez Lopez, eine unserer ambitionierten Kaffeefarmerinnen und Shirly Millo, die Projektleiterin interviewt. Ihre Leidenschaft und ihr Fachwissen sind ansteckend, w\u00e4hrend sie \u00fcber die faszinierende Entwicklung dieses Projekts, die Herausforderungen und Erfolge bei der Ernte auf La Gomera sprechen.<\/p>\n\n\n\n<p><\/p>\n\n\n\n<figure class=\"wp-block-gallery columns-3 is-cropped\"><ul class=\"blocks-gallery-grid\"><li class=\"blocks-gallery-item\"><figure><img loading=\"lazy\" width=\"400\" height=\"231\" src=\"https:\/\/www.moxxacaffe.net\/blog\/wp-content\/uploads\/2024\/01\/Shirly-im-Gespraech.jpg\" alt=\"\" data-id=\"96\" data-link=\"https:\/\/www.moxxacaffe.net\/blog\/?attachment_id=96\" class=\"wp-image-96\" srcset=\"https:\/\/www.moxxacaffe.net\/blog\/wp-content\/uploads\/2024\/01\/Shirly-im-Gespraech.jpg 400w, https:\/\/www.moxxacaffe.net\/blog\/wp-content\/uploads\/2024\/01\/Shirly-im-Gespraech-300x173.jpg 300w\" sizes=\"(max-width: 400px) 100vw, 400px\" \/><figcaption class=\"blocks-gallery-item__caption\">Shirly | Projektleiterin<\/figcaption><\/figure><\/li><li class=\"blocks-gallery-item\"><figure><img loading=\"lazy\" width=\"400\" height=\"346\" src=\"https:\/\/www.moxxacaffe.net\/blog\/wp-content\/uploads\/2024\/01\/LaGomera-Kaffee-im-TV.jpg\" alt=\"\" data-id=\"97\" data-link=\"https:\/\/www.moxxacaffe.net\/blog\/?attachment_id=97\" class=\"wp-image-97\" srcset=\"https:\/\/www.moxxacaffe.net\/blog\/wp-content\/uploads\/2024\/01\/LaGomera-Kaffee-im-TV.jpg 400w, https:\/\/www.moxxacaffe.net\/blog\/wp-content\/uploads\/2024\/01\/LaGomera-Kaffee-im-TV-300x260.jpg 300w\" sizes=\"(max-width: 400px) 100vw, 400px\" \/><figcaption class=\"blocks-gallery-item__caption\">Ambitionierte Kaffeefarmerin<\/figcaption><\/figure><\/li><li class=\"blocks-gallery-item\"><figure><img loading=\"lazy\" width=\"400\" height=\"396\" src=\"https:\/\/www.moxxacaffe.net\/blog\/wp-content\/uploads\/2024\/01\/Ort-Kaffeeanbau.jpg\" alt=\"\" data-id=\"98\" data-full-url=\"https:\/\/www.moxxacaffe.net\/blog\/wp-content\/uploads\/2024\/01\/Ort-Kaffeeanbau.jpg\" data-link=\"https:\/\/www.moxxacaffe.net\/blog\/?attachment_id=98\" class=\"wp-image-98\" srcset=\"https:\/\/www.moxxacaffe.net\/blog\/wp-content\/uploads\/2024\/01\/Ort-Kaffeeanbau.jpg 400w, https:\/\/www.moxxacaffe.net\/blog\/wp-content\/uploads\/2024\/01\/Ort-Kaffeeanbau-300x297.jpg 300w, https:\/\/www.moxxacaffe.net\/blog\/wp-content\/uploads\/2024\/01\/Ort-Kaffeeanbau-150x150.jpg 150w\" sizes=\"(max-width: 400px) 100vw, 400px\" \/><figcaption class=\"blocks-gallery-item__caption\">Plantage in Playa Santiago \/ Pastrana<\/figcaption><\/figure><\/li><\/ul><\/figure>\n\n\n\n<p class=\"has-medium-font-size\">Die Episode bietet nicht nur einen Einblick in die malerischen Kaffeeplantagen, sondern auch in die tiefe Verbundenheit mit der Entwicklung des Projekts. Die Hingabe von Milvia und Shirly sowie das Engagement von <strong><span style=\"color:#004225\" class=\"has-inline-color\">moxxa.caff\u00e8<\/span> <\/strong>&amp; <strong>Langen Kaffee<\/strong> sind deutlich sp\u00fcrbar und pr\u00e4gen jeden Aspekt dieses inspirierenden Unterfangens.<\/p>\n\n\n\n<p class=\"has-medium-font-size\"><strong><span style=\"color:#004225\" class=\"has-inline-color\">Hier wird tats\u00e4chlich der erste europ\u00e4ische Kaffee angebaut.<\/span><\/strong> Eine Reise durch die Kaffeeplantagen in Playa Santiago \/ Pastrana auf La Gomera mit &#8218;Aqui la tierra&#8216; verdeutlicht die Leidenschaft, die in die Schaffung dieses einzigartigen Kaffees gesteckt wird.<\/p>\n\n\n\n<p class=\"has-medium-font-size\">Die Kombination aus dem fruchtbaren Boden und dem einzigartigen Klima auf La Gomera schafft die ideale Umgebung f\u00fcr den Anbau hochwertiger Kaffeebohnen.<\/p>\n\n\n\n<p class=\"has-medium-font-size\">Die Liebe zum Detail bei jedem Schritt des Anbaus und der Ernte spiegelt sich in der au\u00dfergew\u00f6hnlichen Qualit\u00e4t von <span style=\"color:#004225\" class=\"has-inline-color\">moxxa.caff\u00e8 | Linea La Gomera<\/span> wider.<\/p>\n\n\n\n<p class=\"has-medium-font-size\">In der Sendung &#8218;Aqui la tierra&#8216; wurde auch \u00fcber das Bestreben berichtet durch den Kaffeeanbau die lokale Gemeinschaft zu unterst\u00fctzen und die einzigartigen Aromen von La Gomera in jede Tasse Kaffee zu bringen.<\/p>\n\n\n\n<figure class=\"wp-block-gallery columns-3 is-cropped\"><ul class=\"blocks-gallery-grid\"><li class=\"blocks-gallery-item\"><figure><img loading=\"lazy\" width=\"400\" height=\"226\" src=\"https:\/\/www.moxxacaffe.net\/blog\/wp-content\/uploads\/2024\/01\/reife-Kaffeekirschen.jpg\" alt=\"\" data-id=\"99\" data-link=\"https:\/\/www.moxxacaffe.net\/blog\/?attachment_id=99\" class=\"wp-image-99\" srcset=\"https:\/\/www.moxxacaffe.net\/blog\/wp-content\/uploads\/2024\/01\/reife-Kaffeekirschen.jpg 400w, https:\/\/www.moxxacaffe.net\/blog\/wp-content\/uploads\/2024\/01\/reife-Kaffeekirschen-300x170.jpg 300w\" sizes=\"(max-width: 400px) 100vw, 400px\" \/><figcaption class=\"blocks-gallery-item__caption\">Kaffeekirschen<\/figcaption><\/figure><\/li><li class=\"blocks-gallery-item\"><figure><img loading=\"lazy\" width=\"400\" height=\"230\" src=\"https:\/\/www.moxxacaffe.net\/blog\/wp-content\/uploads\/2024\/01\/gepflueckte-Kaffeekirschen.jpg\" alt=\"\" data-id=\"100\" data-link=\"https:\/\/www.moxxacaffe.net\/blog\/?attachment_id=100\" class=\"wp-image-100\" srcset=\"https:\/\/www.moxxacaffe.net\/blog\/wp-content\/uploads\/2024\/01\/gepflueckte-Kaffeekirschen.jpg 400w, https:\/\/www.moxxacaffe.net\/blog\/wp-content\/uploads\/2024\/01\/gepflueckte-Kaffeekirschen-300x173.jpg 300w\" sizes=\"(max-width: 400px) 100vw, 400px\" \/><figcaption class=\"blocks-gallery-item__caption\">Frisch geerntet<\/figcaption><\/figure><\/li><li class=\"blocks-gallery-item\"><figure><img loading=\"lazy\" width=\"400\" height=\"231\" src=\"https:\/\/www.moxxacaffe.net\/blog\/wp-content\/uploads\/2024\/01\/Setzling-Kaffeepflanze.jpg\" alt=\"\" data-id=\"101\" data-full-url=\"https:\/\/www.moxxacaffe.net\/blog\/wp-content\/uploads\/2024\/01\/Setzling-Kaffeepflanze.jpg\" data-link=\"https:\/\/www.moxxacaffe.net\/blog\/?attachment_id=101\" class=\"wp-image-101\" srcset=\"https:\/\/www.moxxacaffe.net\/blog\/wp-content\/uploads\/2024\/01\/Setzling-Kaffeepflanze.jpg 400w, https:\/\/www.moxxacaffe.net\/blog\/wp-content\/uploads\/2024\/01\/Setzling-Kaffeepflanze-300x173.jpg 300w\" sizes=\"(max-width: 400px) 100vw, 400px\" \/><figcaption class=\"blocks-gallery-item__caption\">Milvia im Gespr\u00e4ch<\/figcaption><\/figure><\/li><\/ul><\/figure>\n\n\n\n<p class=\"has-medium-font-size\">Das Engagement f\u00fcr Nachhaltigkeit und Qualit\u00e4t spielt bei jedem Schritt des Projekts eine gro\u00dfe Rolle. Die TV-Episode l\u00e4dt dazu ein, sich in die Welt des Kaffees auf La Gomera zu vertiefen und die fesselnde Geschichte von <span style=\"color:#004225\" class=\"has-inline-color\">moxxa.caff\u00e8 | Linea La Gomera<\/span> zu erkunden.<\/p>\n\n\n\n<p class=\"has-medium-font-size\">Begleiten Sie uns auf dieser erstaunlichen Reise durch die Kaffeekulturen von La Gomera und entdecken Sie die unvergleichlichen Aromen, die moxxa.caff\u00e8 zu bieten hat!<\/p>\n\n\n\n<figure class=\"wp-block-gallery columns-2 is-cropped\"><ul class=\"blocks-gallery-grid\"><li class=\"blocks-gallery-item\"><figure><img loading=\"lazy\" width=\"400\" height=\"225\" src=\"https:\/\/www.moxxacaffe.net\/blog\/wp-content\/uploads\/2024\/01\/Personen-eingerahmt.jpg\" alt=\"\" data-id=\"103\" class=\"wp-image-103\" srcset=\"https:\/\/www.moxxacaffe.net\/blog\/wp-content\/uploads\/2024\/01\/Personen-eingerahmt.jpg 400w, https:\/\/www.moxxacaffe.net\/blog\/wp-content\/uploads\/2024\/01\/Personen-eingerahmt-300x169.jpg 300w\" sizes=\"(max-width: 400px) 100vw, 400px\" \/><figcaption class=\"blocks-gallery-item__caption\">Jos\u00e9 und Milvia<\/figcaption><\/figure><\/li><li class=\"blocks-gallery-item\"><figure><img loading=\"lazy\" width=\"400\" height=\"227\" src=\"https:\/\/www.moxxacaffe.net\/blog\/wp-content\/uploads\/2024\/01\/Moderator-Jose.jpg\" alt=\"\" data-id=\"104\" data-full-url=\"https:\/\/www.moxxacaffe.net\/blog\/wp-content\/uploads\/2024\/01\/Moderator-Jose.jpg\" data-link=\"https:\/\/www.moxxacaffe.net\/blog\/?attachment_id=104\" class=\"wp-image-104\" srcset=\"https:\/\/www.moxxacaffe.net\/blog\/wp-content\/uploads\/2024\/01\/Moderator-Jose.jpg 400w, https:\/\/www.moxxacaffe.net\/blog\/wp-content\/uploads\/2024\/01\/Moderator-Jose-300x170.jpg 300w\" sizes=\"(max-width: 400px) 100vw, 400px\" \/><figcaption class=\"blocks-gallery-item__caption\">Jos\u00e9 von RTVE<\/figcaption><\/figure><\/li><\/ul><figcaption class=\"blocks-gallery-caption\">Vielen Dank an Jos\u00e9 und TV RTVE f\u00fcr euren Besuch. Bildrechte bei RTVE<\/figcaption><\/figure>\n","protected":false},"excerpt":{"rendered":"<p>Eine Reise durch unsere Kaffeeplantage in Playa Santiago \/ Pastrana mit &#8218;Aqui la tierra&#8216; In der bei Spaniern beliebten Sendung &#8218;Aqui la tierra&#8216; [Dt.: Hier ist die Erde] des renommierten spanischen Senders RTVE begleitet das TV-Team Moderator Jos\u00e9 Manuel Sanchez, auch bekannt als Hortelano, auf seiner entz\u00fcckenden Reise zu den Kaffeeplantagen von moxxa.caff\u00e8 | Linea [&hellip;]<\/p>\n","protected":false},"author":1,"featured_media":106,"comment_status":"open","ping_status":"open","sticky":false,"template":"","format":"standard","meta":[],"categories":[33],"tags":[39,37,36,34,35,38],"_links":{"self":[{"href":"https:\/\/www.moxxacaffe.net\/blog\/wp-json\/wp\/v2\/posts\/95"}],"collection":[{"href":"https:\/\/www.moxxacaffe.net\/blog\/wp-json\/wp\/v2\/posts"}],"about":[{"href":"https:\/\/www.moxxacaffe.net\/blog\/wp-json\/wp\/v2\/types\/post"}],"author":[{"embeddable":true,"href":"https:\/\/www.moxxacaffe.net\/blog\/wp-json\/wp\/v2\/users\/1"}],"replies":[{"embeddable":true,"href":"https:\/\/www.moxxacaffe.net\/blog\/wp-json\/wp\/v2\/comments?post=95"}],"version-history":[{"count":2,"href":"https:\/\/www.moxxacaffe.net\/blog\/wp-json\/wp\/v2\/posts\/95\/revisions"}],"predecessor-version":[{"id":108,"href":"https:\/\/www.moxxacaffe.net\/blog\/wp-json\/wp\/v2\/posts\/95\/revisions\/108"}],"wp:featuredmedia":[{"embeddable":true,"href":"https:\/\/www.moxxacaffe.net\/blog\/wp-json\/wp\/v2\/media\/106"}],"wp:attachment":[{"href":"https:\/\/www.moxxacaffe.net\/blog\/wp-json\/wp\/v2\/media?parent=95"}],"wp:term":[{"taxonomy":"category","embeddable":true,"href":"https:\/\/www.moxxacaffe.net\/blog\/wp-json\/wp\/v2\/categories?post=95"},{"taxonomy":"post_tag","embeddable":true,"href":"https:\/\/www.moxxacaffe.net\/blog\/wp-json\/wp\/v2\/tags?post=95"}],"curies":[{"name":"wp","href":"https:\/\/api.w.org\/{rel}","templated":true}]}}