{"id":62,"date":"2023-11-19T12:55:29","date_gmt":"2023-11-19T11:55:29","guid":{"rendered":"https:\/\/www.moxxacaffe.net\/blog\/?p=62"},"modified":"2023-11-19T12:55:29","modified_gmt":"2023-11-19T11:55:29","slug":"plaza-culinaria-2023-wir-waren-dabei","status":"publish","type":"post","link":"https:\/\/www.moxxacaffe.net\/blog\/2023\/11\/19\/plaza-culinaria-2023-wir-waren-dabei\/","title":{"rendered":"Plaza Culinaria 2023 &#8211; Wir waren dabei!"},"content":{"rendered":"\n<p class=\"has-drop-cap has-medium-font-size\">Letzte Woche nahmen wir an der Plaza Culinaria Messe in Freiburg teil, dem f\u00fchrenden Genie\u00dferevent in der Region. Unsere Pr\u00e4sentation von Moxxa.caff\u00e8 stie\u00df auf gro\u00dfe Begeisterung. Besucher lobten unsere sorgf\u00e4ltig hergestellten Kaffeespezialit\u00e4ten, insbesondere unseren ersten europ\u00e4ischen Kaffee, der von unseren eigenen Kaffeefarmen auf LaGomera stammt.<\/p>\n\n\n\n<p class=\"has-medium-font-size\">Die Messe bot ein reichhaltiges Angebot an hochwertigen Produkten und ein abwechslungsreiches Rahmenprogramm mit Kochshows und Workshops f\u00fcr Feinschmecker jeden Alters. Die besondere Atmosph\u00e4re der Messe in einer einladenden Location machte den Besuch zu einem Genuss.<\/p>\n\n\n\n<figure class=\"wp-block-gallery columns-3 is-cropped\"><ul class=\"blocks-gallery-grid\"><li class=\"blocks-gallery-item\"><figure><img loading=\"lazy\" width=\"400\" height=\"498\" src=\"https:\/\/www.moxxacaffe.net\/blog\/wp-content\/uploads\/2023\/11\/plaza-culinaria-1a.jpg\" alt=\"\" data-id=\"63\" data-full-url=\"https:\/\/www.moxxacaffe.net\/blog\/wp-content\/uploads\/2023\/11\/plaza-culinaria-1a.jpg\" data-link=\"https:\/\/www.moxxacaffe.net\/blog\/?attachment_id=63\" class=\"wp-image-63\" srcset=\"https:\/\/www.moxxacaffe.net\/blog\/wp-content\/uploads\/2023\/11\/plaza-culinaria-1a.jpg 400w, https:\/\/www.moxxacaffe.net\/blog\/wp-content\/uploads\/2023\/11\/plaza-culinaria-1a-241x300.jpg 241w\" sizes=\"(max-width: 400px) 100vw, 400px\" \/><\/figure><\/li><li class=\"blocks-gallery-item\"><figure><img loading=\"lazy\" width=\"400\" height=\"498\" src=\"https:\/\/www.moxxacaffe.net\/blog\/wp-content\/uploads\/2023\/11\/plaza-culinaria-2a.jpg\" alt=\"\" data-id=\"64\" data-full-url=\"https:\/\/www.moxxacaffe.net\/blog\/wp-content\/uploads\/2023\/11\/plaza-culinaria-2a.jpg\" data-link=\"https:\/\/www.moxxacaffe.net\/blog\/?attachment_id=64\" class=\"wp-image-64\" srcset=\"https:\/\/www.moxxacaffe.net\/blog\/wp-content\/uploads\/2023\/11\/plaza-culinaria-2a.jpg 400w, https:\/\/www.moxxacaffe.net\/blog\/wp-content\/uploads\/2023\/11\/plaza-culinaria-2a-241x300.jpg 241w\" sizes=\"(max-width: 400px) 100vw, 400px\" \/><\/figure><\/li><li class=\"blocks-gallery-item\"><figure><img loading=\"lazy\" width=\"400\" height=\"498\" src=\"https:\/\/www.moxxacaffe.net\/blog\/wp-content\/uploads\/2023\/11\/plaza-culinaria-3a.jpg\" alt=\"\" data-id=\"65\" data-full-url=\"https:\/\/www.moxxacaffe.net\/blog\/wp-content\/uploads\/2023\/11\/plaza-culinaria-3a.jpg\" data-link=\"https:\/\/www.moxxacaffe.net\/blog\/?attachment_id=65\" class=\"wp-image-65\" srcset=\"https:\/\/www.moxxacaffe.net\/blog\/wp-content\/uploads\/2023\/11\/plaza-culinaria-3a.jpg 400w, https:\/\/www.moxxacaffe.net\/blog\/wp-content\/uploads\/2023\/11\/plaza-culinaria-3a-241x300.jpg 241w\" sizes=\"(max-width: 400px) 100vw, 400px\" \/><\/figure><\/li><li class=\"blocks-gallery-item\"><figure><img loading=\"lazy\" width=\"400\" height=\"499\" src=\"https:\/\/www.moxxacaffe.net\/blog\/wp-content\/uploads\/2023\/11\/plaza-culinaria-4a.jpg\" alt=\"\" data-id=\"66\" data-full-url=\"https:\/\/www.moxxacaffe.net\/blog\/wp-content\/uploads\/2023\/11\/plaza-culinaria-4a.jpg\" data-link=\"https:\/\/www.moxxacaffe.net\/blog\/?attachment_id=66\" class=\"wp-image-66\" srcset=\"https:\/\/www.moxxacaffe.net\/blog\/wp-content\/uploads\/2023\/11\/plaza-culinaria-4a.jpg 400w, https:\/\/www.moxxacaffe.net\/blog\/wp-content\/uploads\/2023\/11\/plaza-culinaria-4a-240x300.jpg 240w\" sizes=\"(max-width: 400px) 100vw, 400px\" \/><\/figure><\/li><li class=\"blocks-gallery-item\"><figure><img loading=\"lazy\" width=\"400\" height=\"499\" src=\"https:\/\/www.moxxacaffe.net\/blog\/wp-content\/uploads\/2023\/11\/plaza-culinaria-5a.jpg\" alt=\"\" data-id=\"67\" data-full-url=\"https:\/\/www.moxxacaffe.net\/blog\/wp-content\/uploads\/2023\/11\/plaza-culinaria-5a.jpg\" data-link=\"https:\/\/www.moxxacaffe.net\/blog\/?attachment_id=67\" class=\"wp-image-67\" srcset=\"https:\/\/www.moxxacaffe.net\/blog\/wp-content\/uploads\/2023\/11\/plaza-culinaria-5a.jpg 400w, https:\/\/www.moxxacaffe.net\/blog\/wp-content\/uploads\/2023\/11\/plaza-culinaria-5a-240x300.jpg 240w\" sizes=\"(max-width: 400px) 100vw, 400px\" \/><\/figure><\/li><\/ul><\/figure>\n\n\n\n<p class=\"has-medium-font-size\">Die Teilnahme an der Plaza Culinaria war f\u00fcr uns nicht nur eine M\u00f6glichkeit, unsere Produkte zu pr\u00e4sentieren, sondern auch eine inspirierende Erfahrung. Wir kn\u00fcpften Kontakte, tauschten uns mit anderen Ausstellern aus und lie\u00dfen uns von den neuesten Trends der Genussbranche inspirieren.<\/p>\n\n\n\n<p class=\"has-medium-font-size\">Unser Dank gilt den Besuchern, die uns unterst\u00fctzten. Wir freuen uns darauf, auch zuk\u00fcnftig ihre Gaumen mit unseren k\u00f6stlichen Kaffeespezialit\u00e4ten zu verw\u00f6hnen.<\/p>\n","protected":false},"excerpt":{"rendered":"<p>Letzte Woche nahmen wir an der Plaza Culinaria Messe in Freiburg teil, dem f\u00fchrenden Genie\u00dferevent in der Region. Unsere Pr\u00e4sentation von Moxxa.caff\u00e8 stie\u00df auf gro\u00dfe Begeisterung. Besucher lobten unsere sorgf\u00e4ltig hergestellten Kaffeespezialit\u00e4ten, insbesondere unseren ersten europ\u00e4ischen Kaffee, der von unseren eigenen Kaffeefarmen auf LaGomera stammt. Die Messe bot ein reichhaltiges Angebot an hochwertigen Produkten und [&hellip;]<\/p>\n","protected":false},"author":1,"featured_media":63,"comment_status":"open","ping_status":"open","sticky":false,"template":"","format":"standard","meta":[],"categories":[1],"tags":[24,22,23],"_links":{"self":[{"href":"https:\/\/www.moxxacaffe.net\/blog\/wp-json\/wp\/v2\/posts\/62"}],"collection":[{"href":"https:\/\/www.moxxacaffe.net\/blog\/wp-json\/wp\/v2\/posts"}],"about":[{"href":"https:\/\/www.moxxacaffe.net\/blog\/wp-json\/wp\/v2\/types\/post"}],"author":[{"embeddable":true,"href":"https:\/\/www.moxxacaffe.net\/blog\/wp-json\/wp\/v2\/users\/1"}],"replies":[{"embeddable":true,"href":"https:\/\/www.moxxacaffe.net\/blog\/wp-json\/wp\/v2\/comments?post=62"}],"version-history":[{"count":1,"href":"https:\/\/www.moxxacaffe.net\/blog\/wp-json\/wp\/v2\/posts\/62\/revisions"}],"predecessor-version":[{"id":68,"href":"https:\/\/www.moxxacaffe.net\/blog\/wp-json\/wp\/v2\/posts\/62\/revisions\/68"}],"wp:featuredmedia":[{"embeddable":true,"href":"https:\/\/www.moxxacaffe.net\/blog\/wp-json\/wp\/v2\/media\/63"}],"wp:attachment":[{"href":"https:\/\/www.moxxacaffe.net\/blog\/wp-json\/wp\/v2\/media?parent=62"}],"wp:term":[{"taxonomy":"category","embeddable":true,"href":"https:\/\/www.moxxacaffe.net\/blog\/wp-json\/wp\/v2\/categories?post=62"},{"taxonomy":"post_tag","embeddable":true,"href":"https:\/\/www.moxxacaffe.net\/blog\/wp-json\/wp\/v2\/tags?post=62"}],"curies":[{"name":"wp","href":"https:\/\/api.w.org\/{rel}","templated":true}]}}