{"id":110,"date":"2024-02-13T07:20:41","date_gmt":"2024-02-13T06:20:41","guid":{"rendered":"https:\/\/www.moxxacaffe.net\/blog\/?p=110"},"modified":"2024-02-13T07:21:44","modified_gmt":"2024-02-13T06:21:44","slug":"projekt-kaffee-auf-gomera-die-einzigartige-geschichte-eines-inseljuwels","status":"publish","type":"post","link":"https:\/\/www.moxxacaffe.net\/blog\/2024\/02\/13\/projekt-kaffee-auf-gomera-die-einzigartige-geschichte-eines-inseljuwels\/","title":{"rendered":"Projekt Kaffee auf Gomera: Die einzigartige Geschichte eines Inseljuwels"},"content":{"rendered":"\n<p class=\"has-medium-font-size\">Kaffee und die Kanarischen Inseln &#8211; eine Verbindung, die so alt ist wie die Zeit selbst. In den heimischen G\u00e4rten jeder Gro\u00dfmutter wuchsen Kaffeestr\u00e4ucher, deren Fr\u00fcchte liebevoll gepfl\u00fcckt, gesch\u00e4lt und ger\u00f6stet wurden. Ein St\u00fcck Tradition, das tief in der Kultur verwurzelt ist. Doch w\u00e4hrend Kaffee auf den Kanaren schon lange existierte, blieb er gr\u00f6\u00dftenteils unbekannt, ein Geheimnis der Insulaner.<br><br>Die Geschichte des Kaffees auf den Kanaren f\u00fchrt uns zur\u00fcck in die 50er Jahre auf Gran Canaria, wo er langsam Fu\u00df fasste und sich in einem bestimmten Tal ausbreitete. Seit der kolonialen Herrschaft der Spanier sind die Inseln auch mit europ\u00e4ischem Kaffee verbunden, wenn auch in geringen Mengen. Doch es war auf der kleinen, wilden Insel Gomera, mitten im Atlantik, wo sich etwas Einzigartiges entwickelte.<br><br>Wie beim Wein bestimmt auch beim Kaffee der Boden den Geschmack. Die vulkanischen B\u00f6den von Gomera schaffen eine einzigartige Umgebung f\u00fcr den Kaffeeanbau. Die wilde Frische, die tiefe Frucht und die sanfte Weichheit des gomerischen Kaffees ergeben einen unvergleichlichen Geschmack, der die Sinne verf\u00fchrt und die Seele ber\u00fchrt. Gomera &#8211; ein St\u00fcck Gl\u00fcck in jeder Tasse.<\/p>\n\n\n\n<figure class=\"wp-block-image size-large\"><img loading=\"lazy\" width=\"800\" height=\"518\" src=\"https:\/\/www.moxxacaffe.net\/blog\/wp-content\/uploads\/2024\/02\/La_Roseta_Prod-gross.jpg\" alt=\"Einblick in unsere R\u00f6sterei\" class=\"wp-image-129\" srcset=\"https:\/\/www.moxxacaffe.net\/blog\/wp-content\/uploads\/2024\/02\/La_Roseta_Prod-gross.jpg 800w, https:\/\/www.moxxacaffe.net\/blog\/wp-content\/uploads\/2024\/02\/La_Roseta_Prod-gross-300x194.jpg 300w, https:\/\/www.moxxacaffe.net\/blog\/wp-content\/uploads\/2024\/02\/La_Roseta_Prod-gross-768x497.jpg 768w\" sizes=\"(max-width: 800px) 100vw, 800px\" \/><figcaption>La Roseta &#8211; Unsere R\u00f6sterei<\/figcaption><\/figure>\n\n\n\n<p class=\"has-medium-font-size\">Doch nicht nur die Natur macht unseren Kaffee einzigartig, sondern auch unsere Philosophie. Die Farmer, mit denen wir zusammenarbeiten, werden nach europ\u00e4ischen Standards entlohnt. Dieser Ansatz bestimmt nicht nur den Preis, sondern unterstreicht auch unseren Einsatz f\u00fcr faire Lebensbedingungen und Nachhaltigkeit. Wir gehen \u00fcber Fairtrade hinaus und setzen uns f\u00fcr eine gerechte Entlohnung ein, die den Wert unserer Produkte widerspiegelt.<\/p>\n\n\n\n<figure class=\"wp-block-gallery columns-3 is-cropped\"><ul class=\"blocks-gallery-grid\"><li class=\"blocks-gallery-item\"><figure><img loading=\"lazy\" width=\"600\" height=\"450\" src=\"https:\/\/www.moxxacaffe.net\/blog\/wp-content\/uploads\/2024\/02\/La_Roseta_Prod-5.jpg\" alt=\"\" data-id=\"116\" data-full-url=\"https:\/\/www.moxxacaffe.net\/blog\/wp-content\/uploads\/2024\/02\/La_Roseta_Prod-5.jpg\" data-link=\"https:\/\/www.moxxacaffe.net\/blog\/?attachment_id=116\" class=\"wp-image-116\" srcset=\"https:\/\/www.moxxacaffe.net\/blog\/wp-content\/uploads\/2024\/02\/La_Roseta_Prod-5.jpg 600w, https:\/\/www.moxxacaffe.net\/blog\/wp-content\/uploads\/2024\/02\/La_Roseta_Prod-5-300x225.jpg 300w\" sizes=\"(max-width: 600px) 100vw, 600px\" \/><\/figure><\/li><li class=\"blocks-gallery-item\"><figure><img loading=\"lazy\" width=\"450\" height=\"600\" src=\"https:\/\/www.moxxacaffe.net\/blog\/wp-content\/uploads\/2024\/02\/La_Roseta_Prod-8.jpg\" alt=\"\" data-id=\"117\" data-full-url=\"https:\/\/www.moxxacaffe.net\/blog\/wp-content\/uploads\/2024\/02\/La_Roseta_Prod-8.jpg\" data-link=\"https:\/\/www.moxxacaffe.net\/blog\/?attachment_id=117\" class=\"wp-image-117\" srcset=\"https:\/\/www.moxxacaffe.net\/blog\/wp-content\/uploads\/2024\/02\/La_Roseta_Prod-8.jpg 450w, https:\/\/www.moxxacaffe.net\/blog\/wp-content\/uploads\/2024\/02\/La_Roseta_Prod-8-225x300.jpg 225w\" sizes=\"(max-width: 450px) 100vw, 450px\" \/><\/figure><\/li><li class=\"blocks-gallery-item\"><figure><img loading=\"lazy\" width=\"600\" height=\"468\" src=\"https:\/\/www.moxxacaffe.net\/blog\/wp-content\/uploads\/2024\/02\/La_Roseta_Trocken-1.jpg\" alt=\"\" data-id=\"118\" data-full-url=\"https:\/\/www.moxxacaffe.net\/blog\/wp-content\/uploads\/2024\/02\/La_Roseta_Trocken-1.jpg\" data-link=\"https:\/\/www.moxxacaffe.net\/blog\/?attachment_id=118\" class=\"wp-image-118\" srcset=\"https:\/\/www.moxxacaffe.net\/blog\/wp-content\/uploads\/2024\/02\/La_Roseta_Trocken-1.jpg 600w, https:\/\/www.moxxacaffe.net\/blog\/wp-content\/uploads\/2024\/02\/La_Roseta_Trocken-1-300x234.jpg 300w\" sizes=\"(max-width: 600px) 100vw, 600px\" \/><\/figure><\/li><\/ul><figcaption class=\"blocks-gallery-caption\">Einblick in unsere Arbeit beim R\u00f6sten<\/figcaption><\/figure>\n\n\n\n<p><\/p>\n\n\n\n<p class=\"has-medium-font-size\">Ein weiterer Meilenstein in unserer Geschichte ist die Errichtung der ersten und einzigen R\u00f6sterei auf Gomera. In der wild-verwunschenen Umgebung von La Roseta, einem alten Kulturclub im S\u00fcden der Insel, entsteht unser Kaffee. Ein Ort der Ruhe und Inspiration, von dem aus man den Blick \u00fcber den endlosen Atlantik schweifen lassen kann. Hier verschmelzen traditionelles Handwerk und modernes Know-how zu einzigartigen Melangen, die in verschiedenen Variationen und Preisklassen erh\u00e4ltlich sind.<br><br>Denn letztendlich geht es darum, ein St\u00fcck Gl\u00fcck und Zufriedenheit in die Tasse zu bringen. Ein kleiner Moment des Genusses, der aus einer sehr alten Insel im fernen S\u00fcden stammt. <\/p>\n\n\n\n<p class=\"has-medium-font-size\">Das ist unser Versprechen und unsere Leidenschaft &#8211; der Kaffee von Gomera <strong>\u2013 <span style=\"color:#004225\" class=\"has-inline-color\">A CUP OF HAPPINESS!<\/span><br><\/strong><\/p>\n\n\n\n<figure class=\"wp-block-gallery columns-2 is-cropped\"><ul class=\"blocks-gallery-grid\"><li class=\"blocks-gallery-item\"><figure><img loading=\"lazy\" width=\"600\" height=\"450\" src=\"https:\/\/www.moxxacaffe.net\/blog\/wp-content\/uploads\/2024\/02\/La_Roseta_Stimmung-6.jpg\" alt=\"\" data-id=\"122\" data-full-url=\"https:\/\/www.moxxacaffe.net\/blog\/wp-content\/uploads\/2024\/02\/La_Roseta_Stimmung-6.jpg\" data-link=\"https:\/\/www.moxxacaffe.net\/blog\/?attachment_id=122\" class=\"wp-image-122\" srcset=\"https:\/\/www.moxxacaffe.net\/blog\/wp-content\/uploads\/2024\/02\/La_Roseta_Stimmung-6.jpg 600w, https:\/\/www.moxxacaffe.net\/blog\/wp-content\/uploads\/2024\/02\/La_Roseta_Stimmung-6-300x225.jpg 300w\" sizes=\"(max-width: 600px) 100vw, 600px\" \/><\/figure><\/li><li class=\"blocks-gallery-item\"><figure><img loading=\"lazy\" width=\"600\" height=\"450\" src=\"https:\/\/www.moxxacaffe.net\/blog\/wp-content\/uploads\/2024\/02\/La_Roseta_Stimmung-7.jpg\" alt=\"\" data-id=\"123\" data-full-url=\"https:\/\/www.moxxacaffe.net\/blog\/wp-content\/uploads\/2024\/02\/La_Roseta_Stimmung-7.jpg\" data-link=\"https:\/\/www.moxxacaffe.net\/blog\/?attachment_id=123\" class=\"wp-image-123\" srcset=\"https:\/\/www.moxxacaffe.net\/blog\/wp-content\/uploads\/2024\/02\/La_Roseta_Stimmung-7.jpg 600w, https:\/\/www.moxxacaffe.net\/blog\/wp-content\/uploads\/2024\/02\/La_Roseta_Stimmung-7-300x225.jpg 300w\" sizes=\"(max-width: 600px) 100vw, 600px\" \/><\/figure><\/li><\/ul><figcaption class=\"blocks-gallery-caption\">Impressionen La Roseta<\/figcaption><\/figure>\n","protected":false},"excerpt":{"rendered":"<p>Kaffee und die Kanarischen Inseln &#8211; eine Verbindung, die so alt ist wie die Zeit selbst. In den heimischen G\u00e4rten jeder Gro\u00dfmutter wuchsen Kaffeestr\u00e4ucher, deren Fr\u00fcchte liebevoll gepfl\u00fcckt, gesch\u00e4lt und ger\u00f6stet wurden. Ein St\u00fcck Tradition, das tief in der Kultur verwurzelt ist. Doch w\u00e4hrend Kaffee auf den Kanaren schon lange existierte, blieb er gr\u00f6\u00dftenteils unbekannt, [&hellip;]<\/p>\n","protected":false},"author":1,"featured_media":111,"comment_status":"open","ping_status":"open","sticky":false,"template":"","format":"standard","meta":[],"categories":[1],"tags":[41,40],"_links":{"self":[{"href":"https:\/\/www.moxxacaffe.net\/blog\/wp-json\/wp\/v2\/posts\/110"}],"collection":[{"href":"https:\/\/www.moxxacaffe.net\/blog\/wp-json\/wp\/v2\/posts"}],"about":[{"href":"https:\/\/www.moxxacaffe.net\/blog\/wp-json\/wp\/v2\/types\/post"}],"author":[{"embeddable":true,"href":"https:\/\/www.moxxacaffe.net\/blog\/wp-json\/wp\/v2\/users\/1"}],"replies":[{"embeddable":true,"href":"https:\/\/www.moxxacaffe.net\/blog\/wp-json\/wp\/v2\/comments?post=110"}],"version-history":[{"count":3,"href":"https:\/\/www.moxxacaffe.net\/blog\/wp-json\/wp\/v2\/posts\/110\/revisions"}],"predecessor-version":[{"id":132,"href":"https:\/\/www.moxxacaffe.net\/blog\/wp-json\/wp\/v2\/posts\/110\/revisions\/132"}],"wp:featuredmedia":[{"embeddable":true,"href":"https:\/\/www.moxxacaffe.net\/blog\/wp-json\/wp\/v2\/media\/111"}],"wp:attachment":[{"href":"https:\/\/www.moxxacaffe.net\/blog\/wp-json\/wp\/v2\/media?parent=110"}],"wp:term":[{"taxonomy":"category","embeddable":true,"href":"https:\/\/www.moxxacaffe.net\/blog\/wp-json\/wp\/v2\/categories?post=110"},{"taxonomy":"post_tag","embeddable":true,"href":"https:\/\/www.moxxacaffe.net\/blog\/wp-json\/wp\/v2\/tags?post=110"}],"curies":[{"name":"wp","href":"https:\/\/api.w.org\/{rel}","templated":true}]}}